{"id":9551,"date":"2013-02-01T03:13:34","date_gmt":"2013-02-01T02:13:34","guid":{"rendered":"https:\/\/www.anglinglines.com\/blog\/?p=9551"},"modified":"2024-11-28T13:30:42","modified_gmt":"2024-11-28T12:30:42","slug":"indefinite-delay-on-breath-tests-in-france","status":"publish","type":"post","link":"https:\/\/www.anglinglines.com\/blog\/indefinite-delay-on-breath-tests-in-france\/","title":{"rendered":"Indefinite Delay on Breath Tests in France"},"content":{"rendered":"<table width=\"100%\" border=\"0\" cellspacing=\"0\" cellpadding=\"0\">\n<tbody>\n<tr>\n<td valign=\"top\">\n<div align=\"left\"><strong><span style=\"color: #993300;\">Reproduced from the<\/span> <span style=\"color: #0000ff;\"><span style=\"color: #0000ff;\">Connexion<\/span><\/span> <span style=\"color: #993300;\">&#8211; France&#8217;s English Language Newspaper<\/span><\/strong><\/div>\n<div align=\"left\"><\/div>\n<\/td>\n<\/tr>\n<tr>\n<td valign=\"top\">\n<div align=\"left\">January 24, 2013<\/div>\n<div align=\"left\"><\/div>\n<\/td>\n<\/tr>\n<tr>\n<td align=\"justify\">\n<p align=\"left\">THE government has delayed the full introduction of the controversial breath-test law, which would have penalised them for not carrying an unused kit in their vehicle.<\/p>\n<p>Interior Minister Manuel Valls has postponed \u201csine die\u201d \u2013 indefinitely \u2013 the start of \u20ac11 fines for not carrying the tests. He had already delayed the start from November 1, 2012, until March 1 due to problems in supply and doubts about their effectiveness.<\/p>\n<p>He says he will wait until the Conseil National de la S\u00e9curit\u00e9 Routi\u00e8re (CNSR) has reported on what it sees as the best measures to cut drink-driving, which is a major cause of road deaths.<\/p>\n<p>The news came as Valls announced an 8% drop in the numbers killed on France\u2019s roads \u2013 falling to 3,645. He noted that there had been a 14.5% drop in the number of motorcyclists killed but said they still made up 23% of the road victims despite being just 3% of the traffic.<\/p>\n<p>Cyclists were revealed as being more exposed to road dangers as the number killed rose 9.9%.<\/p>\n<p>He said that for the general figures there was a definite sex and age trend, with three times the number of men being killed as women and 21% of the deaths being in the 18-24 age group.<\/p>\n<p>Valls has previously announced his aim of cutting the road toll \u201cin half\u201d by 2020 and called for continuing efforts to improve road safety. Whether mandatory breath tests will play any role of may be known by mid-February when CNSR is due to give its initial views.<\/p>\n<p>However, one committee member, road safety campaigner Chantal Perrichon, president of the Ligue Contre la Violence Routi\u00e8re, has already dismissed the tests as \u201cjust a gimmick\u201d.<\/p>\n<p>She told\u00a0<i>Connexion<\/i>\u00a0they had been a hastily-introduced measure which had been brought in at the end of the Sarkozy presidency \u201cto be seen to be doing something\u201d.<\/p>\n<p>Mme Perrichon said that no proper testing had been done to evaluate the\u00a0<i>\u00e9thylotest<\/i>\u00a0and that Valls would have no choice but to delay full introduction.<\/p>\n<p>There had also been controversy about their lack of availability across the country \u2013 and the soaring prices for the few kits available. Environmental campaigners had also attacked them as they used toxic chemicals and a consumer group test showed that they were not reliable.<\/p>\n<p><b><i>* See February&#8217;s Connexion for our story on the breath test kits. It is on sale from Friday, or call 0800 91 77 56 (free from France) or 0844 256 9881 (free from UK) to order a copy.\u00a0<\/i><\/b><\/td>\n<\/tr>\n<\/tbody>\n<\/table>\n<p>Carp Fishing in France<\/p>\n","protected":false},"excerpt":{"rendered":"<p>Reproduced from the Connexion &#8211; France&#8217;s English Language Newspaper January 24, 2013 THE government has delayed the full introduction of the controversial breath-test law, which would have penalised them for not carrying an unused kit in their vehicle. Interior Minister Manuel Valls has postponed \u201csine die\u201d \u2013 indefinitely \u2013 the start of \u20ac11 fines for [&hellip;]<\/p>\n","protected":false},"author":2,"featured_media":14156,"comment_status":"open","ping_status":"open","sticky":false,"template":"","format":"standard","meta":{"om_disable_all_campaigns":false,"_monsterinsights_skip_tracking":false,"_monsterinsights_sitenote_active":false,"_monsterinsights_sitenote_note":"","_monsterinsights_sitenote_category":0,"footnotes":""},"categories":[855],"tags":[],"class_list":["post-9551","post","type-post","status-publish","format-standard","has-post-thumbnail","hentry","category-driving-in-france"],"aioseo_notices":[],"_links":{"self":[{"href":"https:\/\/www.anglinglines.com\/blog\/wp-json\/wp\/v2\/posts\/9551","targetHints":{"allow":["GET"]}}],"collection":[{"href":"https:\/\/www.anglinglines.com\/blog\/wp-json\/wp\/v2\/posts"}],"about":[{"href":"https:\/\/www.anglinglines.com\/blog\/wp-json\/wp\/v2\/types\/post"}],"author":[{"embeddable":true,"href":"https:\/\/www.anglinglines.com\/blog\/wp-json\/wp\/v2\/users\/2"}],"replies":[{"embeddable":true,"href":"https:\/\/www.anglinglines.com\/blog\/wp-json\/wp\/v2\/comments?post=9551"}],"version-history":[{"count":2,"href":"https:\/\/www.anglinglines.com\/blog\/wp-json\/wp\/v2\/posts\/9551\/revisions"}],"predecessor-version":[{"id":29128,"href":"https:\/\/www.anglinglines.com\/blog\/wp-json\/wp\/v2\/posts\/9551\/revisions\/29128"}],"wp:featuredmedia":[{"embeddable":true,"href":"https:\/\/www.anglinglines.com\/blog\/wp-json\/wp\/v2\/media\/14156"}],"wp:attachment":[{"href":"https:\/\/www.anglinglines.com\/blog\/wp-json\/wp\/v2\/media?parent=9551"}],"wp:term":[{"taxonomy":"category","embeddable":true,"href":"https:\/\/www.anglinglines.com\/blog\/wp-json\/wp\/v2\/categories?post=9551"},{"taxonomy":"post_tag","embeddable":true,"href":"https:\/\/www.anglinglines.com\/blog\/wp-json\/wp\/v2\/tags?post=9551"}],"curies":[{"name":"wp","href":"https:\/\/api.w.org\/{rel}","templated":true}]}}